                                                                                                                                                                                                                                                                                                                                                                                                                                                                                                                                                                                                                                                                                                                                                                                                                                                                                                                                    {"id":91,"date":"2021-10-28T14:17:45","date_gmt":"2021-10-28T14:17:45","guid":{"rendered":"https:\/\/coachingmax.com.br\/blog\/?p=91"},"modified":"2023-01-04T17:09:02","modified_gmt":"2023-01-04T20:09:02","slug":"a-importancia-das-crencas-fortalecedoras-para-o-desenvolvimento-dos-jovens-profissionais","status":"publish","type":"post","link":"https:\/\/coachingmax.com.br\/blog\/a-importancia-das-crencas-fortalecedoras-para-o-desenvolvimento-dos-jovens-profissionais\/","title":{"rendered":"A import\u00e2ncia das cren\u00e7as fortalecedoras para o desenvolvimento dos jovens profissionais"},"content":{"rendered":"\n<pre class=\"wp-block-verse\">Os pensamentos positivos podem ser essenciais para que as metas tra\u00e7adas sejam alcan\u00e7adas<\/pre>\n\n\n\n<p>Na defini\u00e7\u00e3o mais b\u00e1sica do dicion\u00e1rio, \u201ccren\u00e7a\u201d \u00e9 o \u201cato ou efeito de crer\u201d. Para mim, essa pequena palavra tem um sentido muito mais amplo e pode nos levar a alcan\u00e7ar sonhos e objetivos. \u00c9 a\u00ed que entram as cren\u00e7as fortalecedoras. Dando in\u00edcio a uma nova etapa da vida, os jovens profissionais podem se apegar a elas para buscar metas como conquistar a carreira que desejam, comprar um bem que sempre quiseram e at\u00e9 formarem uma fam\u00edlia \u2013 aqui, no \u00e2mbito pessoal.<\/p>\n\n\n\n<p>As cren\u00e7as fortalecedoras, que tamb\u00e9m s\u00e3o conhecidas como&nbsp;<em>self-empowerment<\/em>, nada mais s\u00e3o do que um conjunto de ideias e pensamentos positivos que nos d\u00e3o for\u00e7as e nos empoderam. Afinal, do que adianta querermos muito alguma coisa se nem n\u00f3s mesmos acreditarmos? Esses pensamentos podem nos levar mais longe, porque eles nos abrem portas e nos fazem colocar em pr\u00e1tica o nosso maior potencial.<\/p>\n\n\n\n<p>\u00c9 pelo fortalecimento da nossa autoestima e da nossa autoconfian\u00e7a que essas cren\u00e7as conseguem nos ajudar. Com pensamento fixo de que somos capazes, de que aquilo vai dar certo e de que vamos, sim, conseguir, \u00e9 que \u00e9 poss\u00edvel ultrapassar barreiras inimagin\u00e1veis.<\/p>\n\n\n\n<p>Para voc\u00ea, jovem profissional, isso \u00e9 muito importante. Nesse per\u00edodo de transi\u00e7\u00e3o, \u00e9 comum que a inseguran\u00e7a bata \u00e0 porta. Que voc\u00ea fique confuso e chegue a pensar que n\u00e3o conseguir\u00e1 enfrentar os desafios futuros. \u00c9 fundamental que em um momento desses voc\u00ea n\u00e3o d\u00ea espa\u00e7o para as \u201ccren\u00e7as limitantes\u201d. Essas trazem os pensamentos negativos e nos deixam acreditando que n\u00e3o estamos aptos a desenvolver at\u00e9 mesmo as coisas mais simples.<\/p>\n\n\n\n<p>Mas, apesar de estarem na nossa mente, as cren\u00e7as podem depender de uma s\u00e9rie de fatores externos. Por exemplo, aquilo que voc\u00ea acredita para voc\u00ea \u00e9 fruto dos seus pensamentos ou s\u00e3o uma heran\u00e7a do que pensam os seus pais e as pessoas mais velhas que te rodeiam, como outros familiares e professores?<\/p>\n\n\n\n<p>Voc\u00ea consegue identificar aquilo que pode ser uma autossabotagem? E, se consegue, voc\u00ea quer mudar isso? Quais s\u00e3o os pensamentos que mais o limitam? O que voc\u00ea acha que precisa mudar para que consiga avan\u00e7ar cada vez mais?<\/p>\n\n\n\n<p>\u00c9 importante pensar nessas perguntas e respond\u00ea-las com muita honestidade. Desta forma, voc\u00ea consegue entender o seu estado atual. E, fazendo essa an\u00e1lise, \u00e9 poss\u00edvel entender o que voc\u00ea precisa mudar, quais cren\u00e7as precisam ser deixadas para tr\u00e1s e no que voc\u00ea deve acreditar para o futuro.<\/p>\n\n\n\n<p>Uma dica para fortalecer suas cren\u00e7as \u00e9 manter sempre o foco no positivo. Nas nossas vidas, infelizmente, n\u00e3o acontecem apenas coisas boas. Em certos momentos, inegavelmente, seremos abatidos por sentimentos ruins, como a tristeza, a dor e o des\u00e2nimo. Mas, passado o tempo, precisamos ressignificar tudo isso. Baseados nas experi\u00eancias ruins, podemos focar a nossa mente para que tenhamos mais for\u00e7a e coragem no decorrer da vida.<\/p>\n\n\n\n<p>Tamb\u00e9m \u00e9 fundamental que voc\u00ea desenvolva o amor-pr\u00f3prio. Se amar, se respeitar, se tratar com carinho e respeito \u00e9 sin\u00f4nimo de buscar o melhor para si. Isso te leva a acreditar mais em voc\u00ea e a tentar tudo o que tiver vontade, sem aquela d\u00favida de \u201cser\u00e1 que sou capaz?\u201d<\/p>\n\n\n\n<p>E quando voc\u00ea finalizar um projeto ou alcan\u00e7ar um objetivo, voc\u00ea precisar dar valor para isso e reconhecer seus m\u00e9ritos. Caso o resultado n\u00e3o seja aquilo que voc\u00ea esperava, tudo bem. Os erros tamb\u00e9m est\u00e3o a\u00ed para nos ensinar. E isso vale para quem est\u00e1 pr\u00f3ximo a voc\u00ea. Aprenda a se perdoar, mas tamb\u00e9m a perdoar o outro.<\/p>\n\n\n\n<p>Tente usar essas dicas para colocar as cren\u00e7as fortalecedoras em destaque na sua vida. N\u00e3o busque os pensamentos positivos somente nos momentos de maior desafio e inseguran\u00e7a, mas fa\u00e7a com que eles seja recorrentes na sua mente. Acredite sempre no seu potencial.<\/p>\n","protected":false},"excerpt":{"rendered":"<p>Os pensamentos positivos podem ser essenciais para que as metas tra\u00e7adas sejam alcan\u00e7adas Na defini\u00e7\u00e3o mais b\u00e1sica do dicion\u00e1rio, \u201ccren\u00e7a\u201d \u00e9 o \u201cato ou efeito de crer\u201d. Para mim, essa pequena palavra tem um sentido muito mais amplo e pode &hellip; <\/p>\n","protected":false},"author":1,"featured_media":92,"comment_status":"closed","ping_status":"closed","sticky":false,"template":"","format":"standard","meta":{"_mi_skip_tracking":false},"categories":[9],"tags":[],"yoast_head":"<!-- This site is optimized with the Yoast SEO plugin v19.10 - https:\/\/yoast.com\/wordpress\/plugins\/seo\/ -->\n<title>A import\u00e2ncia das cren\u00e7as fortalecedoras para o desenvolvimento dos jovens profissionais - Blog CoachingMAX\u00ae<\/title>\n<meta name=\"robots\" content=\"index, follow, max-snippet:-1, max-image-preview:large, max-video-preview:-1\" \/>\n<link rel=\"canonical\" href=\"https:\/\/coachingmax.com.br\/blog\/a-importancia-das-crencas-fortalecedoras-para-o-desenvolvimento-dos-jovens-profissionais\/\" \/>\n<meta property=\"og:locale\" content=\"pt_BR\" \/>\n<meta property=\"og:type\" content=\"article\" \/>\n<meta property=\"og:title\" content=\"A import\u00e2ncia das cren\u00e7as fortalecedoras para o desenvolvimento dos jovens profissionais - Blog CoachingMAX\u00ae\" \/>\n<meta property=\"og:description\" content=\"Os pensamentos positivos podem ser essenciais para que as metas tra\u00e7adas sejam alcan\u00e7adas Na defini\u00e7\u00e3o mais b\u00e1sica do dicion\u00e1rio, \u201ccren\u00e7a\u201d \u00e9 o \u201cato ou efeito de crer\u201d. Para mim, essa pequena palavra tem um sentido muito mais amplo e pode &hellip;\" \/>\n<meta property=\"og:url\" content=\"https:\/\/coachingmax.com.br\/blog\/a-importancia-das-crencas-fortalecedoras-para-o-desenvolvimento-dos-jovens-profissionais\/\" \/>\n<meta property=\"og:site_name\" content=\"Blog CoachingMAX\u00ae\" \/>\n<meta property=\"article:published_time\" content=\"2021-10-28T14:17:45+00:00\" \/>\n<meta property=\"article:modified_time\" content=\"2023-01-04T20:09:02+00:00\" \/>\n<meta property=\"og:image\" content=\"http:\/\/coachingmax.com.br\/blog\/wp-content\/uploads\/2021\/10\/picture-angry-man-with-fake-muscle-arms-scaled.jpg\" \/>\n\t<meta property=\"og:image:width\" content=\"2560\" \/>\n\t<meta property=\"og:image:height\" content=\"1707\" \/>\n\t<meta property=\"og:image:type\" content=\"image\/jpeg\" \/>\n<meta name=\"author\" content=\"Fabio Affonso\" \/>\n<meta name=\"twitter:card\" content=\"summary_large_image\" \/>\n<meta name=\"twitter:label1\" content=\"Escrito por\" \/>\n\t<meta name=\"twitter:data1\" content=\"Fabio Affonso\" \/>\n\t<meta name=\"twitter:label2\" content=\"Est. tempo de leitura\" \/>\n\t<meta name=\"twitter:data2\" content=\"4 minutos\" \/>\n<script type=\"application\/ld+json\" class=\"yoast-schema-graph\">{\"@context\":\"https:\/\/schema.org\",\"@graph\":[{\"@type\":\"Article\",\"@id\":\"https:\/\/coachingmax.com.br\/blog\/a-importancia-das-crencas-fortalecedoras-para-o-desenvolvimento-dos-jovens-profissionais\/#article\",\"isPartOf\":{\"@id\":\"https:\/\/coachingmax.com.br\/blog\/a-importancia-das-crencas-fortalecedoras-para-o-desenvolvimento-dos-jovens-profissionais\/\"},\"author\":{\"name\":\"Fabio Affonso\",\"@id\":\"https:\/\/coachingmax.com.br\/blog\/#\/schema\/person\/694c4730d4457cc5aa243d7d6475cd15\"},\"headline\":\"A import\u00e2ncia das cren\u00e7as fortalecedoras para o desenvolvimento dos jovens profissionais\",\"datePublished\":\"2021-10-28T14:17:45+00:00\",\"dateModified\":\"2023-01-04T20:09:02+00:00\",\"mainEntityOfPage\":{\"@id\":\"https:\/\/coachingmax.com.br\/blog\/a-importancia-das-crencas-fortalecedoras-para-o-desenvolvimento-dos-jovens-profissionais\/\"},\"wordCount\":670,\"publisher\":{\"@id\":\"https:\/\/coachingmax.com.br\/blog\/#organization\"},\"articleSection\":[\"Crescimento\"],\"inLanguage\":\"pt-BR\"},{\"@type\":\"WebPage\",\"@id\":\"https:\/\/coachingmax.com.br\/blog\/a-importancia-das-crencas-fortalecedoras-para-o-desenvolvimento-dos-jovens-profissionais\/\",\"url\":\"https:\/\/coachingmax.com.br\/blog\/a-importancia-das-crencas-fortalecedoras-para-o-desenvolvimento-dos-jovens-profissionais\/\",\"name\":\"A import\u00e2ncia das cren\u00e7as fortalecedoras para o desenvolvimento dos jovens profissionais - Blog CoachingMAX\u00ae\",\"isPartOf\":{\"@id\":\"https:\/\/coachingmax.com.br\/blog\/#website\"},\"datePublished\":\"2021-10-28T14:17:45+00:00\",\"dateModified\":\"2023-01-04T20:09:02+00:00\",\"breadcrumb\":{\"@id\":\"https:\/\/coachingmax.com.br\/blog\/a-importancia-das-crencas-fortalecedoras-para-o-desenvolvimento-dos-jovens-profissionais\/#breadcrumb\"},\"inLanguage\":\"pt-BR\",\"potentialAction\":[{\"@type\":\"ReadAction\",\"target\":[\"https:\/\/coachingmax.com.br\/blog\/a-importancia-das-crencas-fortalecedoras-para-o-desenvolvimento-dos-jovens-profissionais\/\"]}]},{\"@type\":\"BreadcrumbList\",\"@id\":\"https:\/\/coachingmax.com.br\/blog\/a-importancia-das-crencas-fortalecedoras-para-o-desenvolvimento-dos-jovens-profissionais\/#breadcrumb\",\"itemListElement\":[{\"@type\":\"ListItem\",\"position\":1,\"name\":\"In\u00edcio\",\"item\":\"https:\/\/coachingmax.com.br\/blog\/\"},{\"@type\":\"ListItem\",\"position\":2,\"name\":\"A import\u00e2ncia das cren\u00e7as fortalecedoras para o desenvolvimento dos jovens profissionais\"}]},{\"@type\":\"WebSite\",\"@id\":\"https:\/\/coachingmax.com.br\/blog\/#website\",\"url\":\"https:\/\/coachingmax.com.br\/blog\/\",\"name\":\"Blog CoachingMAX\u00ae\",\"description\":\"\",\"publisher\":{\"@id\":\"https:\/\/coachingmax.com.br\/blog\/#organization\"},\"potentialAction\":[{\"@type\":\"SearchAction\",\"target\":{\"@type\":\"EntryPoint\",\"urlTemplate\":\"https:\/\/coachingmax.com.br\/blog\/?s={search_term_string}\"},\"query-input\":\"required name=search_term_string\"}],\"inLanguage\":\"pt-BR\"},{\"@type\":\"Organization\",\"@id\":\"https:\/\/coachingmax.com.br\/blog\/#organization\",\"name\":\"Blog CoachingMAX\u00ae\",\"url\":\"https:\/\/coachingmax.com.br\/blog\/\",\"logo\":{\"@type\":\"ImageObject\",\"inLanguage\":\"pt-BR\",\"@id\":\"https:\/\/coachingmax.com.br\/blog\/#\/schema\/logo\/image\/\",\"url\":\"https:\/\/coachingmax.com.br\/blog\/wp-content\/uploads\/2021\/11\/01Logo-Blog-CoachingMAX.png\",\"contentUrl\":\"https:\/\/coachingmax.com.br\/blog\/wp-content\/uploads\/2021\/11\/01Logo-Blog-CoachingMAX.png\",\"width\":2082,\"height\":400,\"caption\":\"Blog CoachingMAX\u00ae\"},\"image\":{\"@id\":\"https:\/\/coachingmax.com.br\/blog\/#\/schema\/logo\/image\/\"}},{\"@type\":\"Person\",\"@id\":\"https:\/\/coachingmax.com.br\/blog\/#\/schema\/person\/694c4730d4457cc5aa243d7d6475cd15\",\"name\":\"Fabio Affonso\",\"image\":{\"@type\":\"ImageObject\",\"inLanguage\":\"pt-BR\",\"@id\":\"https:\/\/coachingmax.com.br\/blog\/#\/schema\/person\/image\/\",\"url\":\"https:\/\/secure.gravatar.com\/avatar\/91a36114c16689e427aace191614affc?s=96&d=mm&r=g\",\"contentUrl\":\"https:\/\/secure.gravatar.com\/avatar\/91a36114c16689e427aace191614affc?s=96&d=mm&r=g\",\"caption\":\"Fabio Affonso\"},\"description\":\"F\u00e1bio Affonso \u00e9 presidente do Grupo Maxpro Educacional, uma franqueadora detentora de m\u00faltiplas marcas de sucesso do ramo de educa\u00e7\u00e3o. Uma das principais marcas do grupo \u00e9 o Programa de Desenvolvimento Comportamental CoachingMAX, o primeiro e maior programa de coaching para jovens, que tem transformado milhares de vidas.\",\"sameAs\":[\"http:\/\/www.coachingmax.com.br\"],\"url\":\"https:\/\/coachingmax.com.br\/blog\/author\/admin\/\"}]}<\/script>\n<!-- \/ Yoast SEO plugin. -->","yoast_head_json":{"title":"A import\u00e2ncia das cren\u00e7as fortalecedoras para o desenvolvimento dos jovens profissionais - Blog CoachingMAX\u00ae","robots":{"index":"index","follow":"follow","max-snippet":"max-snippet:-1","max-image-preview":"max-image-preview:large","max-video-preview":"max-video-preview:-1"},"canonical":"https:\/\/coachingmax.com.br\/blog\/a-importancia-das-crencas-fortalecedoras-para-o-desenvolvimento-dos-jovens-profissionais\/","og_locale":"pt_BR","og_type":"article","og_title":"A import\u00e2ncia das cren\u00e7as fortalecedoras para o desenvolvimento dos jovens profissionais - Blog CoachingMAX\u00ae","og_description":"Os pensamentos positivos podem ser essenciais para que as metas tra\u00e7adas sejam alcan\u00e7adas Na defini\u00e7\u00e3o mais b\u00e1sica do dicion\u00e1rio, \u201ccren\u00e7a\u201d \u00e9 o \u201cato ou efeito de crer\u201d. Para mim, essa pequena palavra tem um sentido muito mais amplo e pode &hellip;","og_url":"https:\/\/coachingmax.com.br\/blog\/a-importancia-das-crencas-fortalecedoras-para-o-desenvolvimento-dos-jovens-profissionais\/","og_site_name":"Blog CoachingMAX\u00ae","article_published_time":"2021-10-28T14:17:45+00:00","article_modified_time":"2023-01-04T20:09:02+00:00","og_image":[{"width":2560,"height":1707,"url":"http:\/\/coachingmax.com.br\/blog\/wp-content\/uploads\/2021\/10\/picture-angry-man-with-fake-muscle-arms-scaled.jpg","type":"image\/jpeg"}],"author":"Fabio Affonso","twitter_card":"summary_large_image","twitter_misc":{"Escrito por":"Fabio Affonso","Est. tempo de leitura":"4 minutos"},"schema":{"@context":"https:\/\/schema.org","@graph":[{"@type":"Article","@id":"https:\/\/coachingmax.com.br\/blog\/a-importancia-das-crencas-fortalecedoras-para-o-desenvolvimento-dos-jovens-profissionais\/#article","isPartOf":{"@id":"https:\/\/coachingmax.com.br\/blog\/a-importancia-das-crencas-fortalecedoras-para-o-desenvolvimento-dos-jovens-profissionais\/"},"author":{"name":"Fabio Affonso","@id":"https:\/\/coachingmax.com.br\/blog\/#\/schema\/person\/694c4730d4457cc5aa243d7d6475cd15"},"headline":"A import\u00e2ncia das cren\u00e7as fortalecedoras para o desenvolvimento dos jovens profissionais","datePublished":"2021-10-28T14:17:45+00:00","dateModified":"2023-01-04T20:09:02+00:00","mainEntityOfPage":{"@id":"https:\/\/coachingmax.com.br\/blog\/a-importancia-das-crencas-fortalecedoras-para-o-desenvolvimento-dos-jovens-profissionais\/"},"wordCount":670,"publisher":{"@id":"https:\/\/coachingmax.com.br\/blog\/#organization"},"articleSection":["Crescimento"],"inLanguage":"pt-BR"},{"@type":"WebPage","@id":"https:\/\/coachingmax.com.br\/blog\/a-importancia-das-crencas-fortalecedoras-para-o-desenvolvimento-dos-jovens-profissionais\/","url":"https:\/\/coachingmax.com.br\/blog\/a-importancia-das-crencas-fortalecedoras-para-o-desenvolvimento-dos-jovens-profissionais\/","name":"A import\u00e2ncia das cren\u00e7as fortalecedoras para o desenvolvimento dos jovens profissionais - Blog CoachingMAX\u00ae","isPartOf":{"@id":"https:\/\/coachingmax.com.br\/blog\/#website"},"datePublished":"2021-10-28T14:17:45+00:00","dateModified":"2023-01-04T20:09:02+00:00","breadcrumb":{"@id":"https:\/\/coachingmax.com.br\/blog\/a-importancia-das-crencas-fortalecedoras-para-o-desenvolvimento-dos-jovens-profissionais\/#breadcrumb"},"inLanguage":"pt-BR","potentialAction":[{"@type":"ReadAction","target":["https:\/\/coachingmax.com.br\/blog\/a-importancia-das-crencas-fortalecedoras-para-o-desenvolvimento-dos-jovens-profissionais\/"]}]},{"@type":"BreadcrumbList","@id":"https:\/\/coachingmax.com.br\/blog\/a-importancia-das-crencas-fortalecedoras-para-o-desenvolvimento-dos-jovens-profissionais\/#breadcrumb","itemListElement":[{"@type":"ListItem","position":1,"name":"In\u00edcio","item":"https:\/\/coachingmax.com.br\/blog\/"},{"@type":"ListItem","position":2,"name":"A import\u00e2ncia das cren\u00e7as fortalecedoras para o desenvolvimento dos jovens profissionais"}]},{"@type":"WebSite","@id":"https:\/\/coachingmax.com.br\/blog\/#website","url":"https:\/\/coachingmax.com.br\/blog\/","name":"Blog CoachingMAX\u00ae","description":"","publisher":{"@id":"https:\/\/coachingmax.com.br\/blog\/#organization"},"potentialAction":[{"@type":"SearchAction","target":{"@type":"EntryPoint","urlTemplate":"https:\/\/coachingmax.com.br\/blog\/?s={search_term_string}"},"query-input":"required name=search_term_string"}],"inLanguage":"pt-BR"},{"@type":"Organization","@id":"https:\/\/coachingmax.com.br\/blog\/#organization","name":"Blog CoachingMAX\u00ae","url":"https:\/\/coachingmax.com.br\/blog\/","logo":{"@type":"ImageObject","inLanguage":"pt-BR","@id":"https:\/\/coachingmax.com.br\/blog\/#\/schema\/logo\/image\/","url":"https:\/\/coachingmax.com.br\/blog\/wp-content\/uploads\/2021\/11\/01Logo-Blog-CoachingMAX.png","contentUrl":"https:\/\/coachingmax.com.br\/blog\/wp-content\/uploads\/2021\/11\/01Logo-Blog-CoachingMAX.png","width":2082,"height":400,"caption":"Blog CoachingMAX\u00ae"},"image":{"@id":"https:\/\/coachingmax.com.br\/blog\/#\/schema\/logo\/image\/"}},{"@type":"Person","@id":"https:\/\/coachingmax.com.br\/blog\/#\/schema\/person\/694c4730d4457cc5aa243d7d6475cd15","name":"Fabio Affonso","image":{"@type":"ImageObject","inLanguage":"pt-BR","@id":"https:\/\/coachingmax.com.br\/blog\/#\/schema\/person\/image\/","url":"https:\/\/secure.gravatar.com\/avatar\/91a36114c16689e427aace191614affc?s=96&d=mm&r=g","contentUrl":"https:\/\/secure.gravatar.com\/avatar\/91a36114c16689e427aace191614affc?s=96&d=mm&r=g","caption":"Fabio Affonso"},"description":"F\u00e1bio Affonso \u00e9 presidente do Grupo Maxpro Educacional, uma franqueadora detentora de m\u00faltiplas marcas de sucesso do ramo de educa\u00e7\u00e3o. Uma das principais marcas do grupo \u00e9 o Programa de Desenvolvimento Comportamental CoachingMAX, o primeiro e maior programa de coaching para jovens, que tem transformado milhares de vidas.","sameAs":["http:\/\/www.coachingmax.com.br"],"url":"https:\/\/coachingmax.com.br\/blog\/author\/admin\/"}]}},"_links":{"self":[{"href":"https:\/\/coachingmax.com.br\/blog\/wp-json\/wp\/v2\/posts\/91"}],"collection":[{"href":"https:\/\/coachingmax.com.br\/blog\/wp-json\/wp\/v2\/posts"}],"about":[{"href":"https:\/\/coachingmax.com.br\/blog\/wp-json\/wp\/v2\/types\/post"}],"author":[{"embeddable":true,"href":"https:\/\/coachingmax.com.br\/blog\/wp-json\/wp\/v2\/users\/1"}],"replies":[{"embeddable":true,"href":"https:\/\/coachingmax.com.br\/blog\/wp-json\/wp\/v2\/comments?post=91"}],"version-history":[{"count":2,"href":"https:\/\/coachingmax.com.br\/blog\/wp-json\/wp\/v2\/posts\/91\/revisions"}],"predecessor-version":[{"id":249,"href":"https:\/\/coachingmax.com.br\/blog\/wp-json\/wp\/v2\/posts\/91\/revisions\/249"}],"wp:featuredmedia":[{"embeddable":true,"href":"https:\/\/coachingmax.com.br\/blog\/wp-json\/wp\/v2\/media\/92"}],"wp:attachment":[{"href":"https:\/\/coachingmax.com.br\/blog\/wp-json\/wp\/v2\/media?parent=91"}],"wp:term":[{"taxonomy":"category","embeddable":true,"href":"https:\/\/coachingmax.com.br\/blog\/wp-json\/wp\/v2\/categories?post=91"},{"taxonomy":"post_tag","embeddable":true,"href":"https:\/\/coachingmax.com.br\/blog\/wp-json\/wp\/v2\/tags?post=91"}],"curies":[{"name":"wp","href":"https:\/\/api.w.org\/{rel}","templated":true}]}}